{"id":7935,"date":"2025-09-11T14:36:20","date_gmt":"2025-09-11T12:36:20","guid":{"rendered":"https:\/\/ludzie.nauka.gov.pl\/wp\/?p=7935"},"modified":"2025-09-19T14:37:30","modified_gmt":"2025-09-19T12:37:30","slug":"dr-hab-sabina-pieruzek-nowak-laureatka-medalu-za-zaslugi-dla-badan-i-ochrony-bioroznorodnosci","status":"publish","type":"post","link":"https:\/\/ludzie.nauka.gov.pl\/wp\/aktualnosci\/dr-hab-sabina-pieruzek-nowak-laureatka-medalu-za-zaslugi-dla-badan-i-ochrony-bioroznorodnosci\/","title":{"rendered":"Dr hab. Sabina Pieru\u017cek-Nowak laureatk\u0105 medalu za zas\u0142ugi dla bada\u0144 i ochrony bior\u00f3\u017cnorodno\u015bci"},"content":{"rendered":"\n<p><strong>Dr hab. Sabina Pieru\u017cek-Nowak, prof. UW, szefowa Stowarzyszenia dla Natury Wilk &#8211; zosta\u0142a laureatk\u0105 Medalu im. Ludwika Tomia\u0142ojcia. Medal przyznawany jest za zas\u0142ugi dla bada\u0144 i ochrony r\u00f3\u017cnorodno\u015bci biologicznej w Polsce.<\/strong><\/p>\n\n\n\n<p>&#8222;Za zas\u0142ugi dla bada\u0144 i ochrony r\u00f3\u017cnorodno\u015bci biologicznej w Polsce, w tym w szczeg\u00f3lno\u015bci w zakresie nauki obywatelskiej oraz edukacji przyrodniczej&#8221; &#8211; tak Komitet Biologii \u015arodowiskowej i Ewolucyjnej PAN uzasadni\u0142 decyzj\u0119 o wr\u0119czeniu medalu prof. Sabinie Pieru\u017cek-Nowak.<\/p>\n\n\n\n<p>Uzasadniaj\u0105c wyb\u00f3r laureatki medalu, przewodnicz\u0105cy Komitet Biologii \u015arodowiskowej i Ewolucyjnej PAN, prof. Rafa\u0142 Kowalczyk przypomnia\u0142, \u017ce &#8222;dr hab. Sabina Pieru\u017cek-Nowak od ponad 35 lat niestrudzenie, i na r\u00f3\u017cne sposoby, anga\u017cuje si\u0119 w sprawy ochrony polskiej bior\u00f3\u017cnorodno\u015bci, ze szczeg\u00f3ln\u0105 uwag\u0105 po\u015bwi\u0119can\u0105 du\u017cym drapie\u017cnikom z wilkiem na czele. Prowadzi badania naukowe, kt\u00f3re przyczyniaj\u0105 si\u0119 do zrozumienia biologii drapie\u017cnik\u00f3w, oraz na\u015bwietlaj\u0105 potrzeb\u0119 ich ochrony. R\u00f3wnolegle do jej pracy naukowej, dr hab. Pieru\u017cek-Nowak jest r\u00f3wnie\u017c dzia\u0142aczk\u0105 praktyczk\u0105 na rzecz ochrony przyrody, szczeg\u00f3lnie w ramach Stowarzyszenia dla Natury Wilk. Dzia\u0142a r\u00f3wnie\u017c na poziomie rz\u0105dowym, od niedawna jako wiceprzewodnicz\u0105ca Pa\u0144stwowej Rady Ochrony Przyrody oraz zasiada te\u017c w radach wielu park\u00f3w narodowych. Od lat \u0142\u0105czy wi\u0119c niestrudzenie teori\u0119 z praktyk\u0105. Jako popularyzatorka nauki wp\u0142ywa pozytywnie na rozw\u00f3j zainteresowa\u0144 przyrodniczych w spo\u0142ecze\u0144stwie co wspiera rozw\u00f3j nauki obywatelskiej&#8221;.<\/p>\n\n\n\n<p>Sabina Pieru\u017cek-Nowak jest autork\u0105 licznych<a href=\"https:\/\/naukawpolsce.pl\/aktualnosci\/news%2C106923%2Cbadanie-wilkow-w-europie-nadal-przybywa.html\" target=\"_blank\" rel=\"noreferrer noopener\" class=\"external\"> artyku\u0142\u00f3w naukowych<\/a>, kilku ksi\u0105\u017cek, wielu wydawnictw popularnonaukowych o ssakach drapie\u017cnych. Wiedz\u0119 o du\u017cych drapie\u017cnikach popularyzuje r\u00f3wnie\u017c podczas wyk\u0142ad\u00f3w, podcast\u00f3w, bior\u0105c udzia\u0142 w programach radiowych i telewizyjnych oraz korzystaj\u0105c z <a href=\"https:\/\/naukawpolsce.pl\/aktualnosci\/news%2C105944%2Cbiolozka-wilki-bardzo-socjalne-zwierzeta-z-ogromnym-wplywem-na-ekosystem\" target=\"_blank\" rel=\"noreferrer noopener\" class=\"external\">medi\u00f3w <\/a>spo\u0142eczno\u015bciowych.<\/p>\n\n\n\n<p>Medal im. Ludwika Tomia\u0142ojcia ustanowiono w 2022 roku. Wcze\u015bniej jego laureatem zosta\u0142 Pawe\u0142 Pawlaczyk, zaanga\u017cowany w tworzenie i poszerzanie sieci Natura 2000 w Polsce, autor wytycznych w zakresie dobrych praktyk zwi\u0105zanych z utrzymaniem rzek i gospodark\u0105 wodn\u0105; ekspert w zakresie monitoringu siedlisk, ekspert krajowy w zakresie oceny dzia\u0142a\u0144 ustanowionych na obszarach specjalnej ochrony i ich skuteczno\u015bci, a tak\u017ce &#8211; w zakresie prawa krajowego i mi\u0119dzynarodowego dotycz\u0105cego ochrony przyrody. Jest on autorem i redaktorem licznych podr\u0119cznik\u00f3w i opracowa\u0144 z zakresu ochrony siedlisk i gatunk\u00f3w w Polsce oraz autorem i wsp\u00f3\u0142autorem wielu artyku\u0142\u00f3w naukowych, popularyzatorskich, opracowa\u0144, plan\u00f3w zada\u0144 ochronnych, plan\u00f3w ochrony itp.<\/p>\n\n\n\n<p>Patron medalu, profesor Ludwik Tomia\u0142oj\u0107 (1939\u20132020), by\u0142 zoologiem, profesorem zwyczajnym w Muzeum Przyrodniczym Uniwersytetu Wroc\u0142awskiego, cz\u0142onkiem Pa\u0144stwowej Rady Ochrony Przyrody, cz\u0142onkiem Rady Programowej Zielonego Instytutu, Komitetu Ochrony Przyrody PAN. &#8222;Wybitny ornitolog, charyzmatyczny wyk\u0142adowca, krzewiciel idei ochrony przyrody&#8221; &#8211; tak pisa\u0142 o nim prof. Tomasz Weso\u0142owski.<\/p>\n\n\n\n<p><a href=\"https:\/\/naukawpolsce.pl\/\" class=\"external\">Nauka w Polsce<\/a><\/p>\n","protected":false},"excerpt":{"rendered":"<p>Dr hab. Sabina Pieru\u017cek-Nowak, prof. UW, szefowa Stowarzyszenia dla Natury Wilk &#8211; zosta\u0142a laureatk\u0105 Medalu im. Ludwika Tomia\u0142ojcia. Medal przyznawany jest za zas\u0142ugi dla bada\u0144 i ochrony r\u00f3\u017cnorodno\u015bci biologicznej w Polsce.<\/p>\n","protected":false},"author":12,"featured_media":0,"comment_status":"closed","ping_status":"closed","sticky":false,"template":"","format":"standard","meta":{"footnotes":"","_links_to":"","_links_to_target":""},"categories":[1],"tags":[],"class_list":["post-7935","post","type-post","status-publish","format-standard","hentry","category-wiadomosci"],"_links":{"self":[{"href":"https:\/\/ludzie.nauka.gov.pl\/wp\/wp-json\/wp\/v2\/posts\/7935","targetHints":{"allow":["GET"]}}],"collection":[{"href":"https:\/\/ludzie.nauka.gov.pl\/wp\/wp-json\/wp\/v2\/posts"}],"about":[{"href":"https:\/\/ludzie.nauka.gov.pl\/wp\/wp-json\/wp\/v2\/types\/post"}],"author":[{"embeddable":true,"href":"https:\/\/ludzie.nauka.gov.pl\/wp\/wp-json\/wp\/v2\/users\/12"}],"replies":[{"embeddable":true,"href":"https:\/\/ludzie.nauka.gov.pl\/wp\/wp-json\/wp\/v2\/comments?post=7935"}],"version-history":[{"count":1,"href":"https:\/\/ludzie.nauka.gov.pl\/wp\/wp-json\/wp\/v2\/posts\/7935\/revisions"}],"predecessor-version":[{"id":7936,"href":"https:\/\/ludzie.nauka.gov.pl\/wp\/wp-json\/wp\/v2\/posts\/7935\/revisions\/7936"}],"wp:attachment":[{"href":"https:\/\/ludzie.nauka.gov.pl\/wp\/wp-json\/wp\/v2\/media?parent=7935"}],"wp:term":[{"taxonomy":"category","embeddable":true,"href":"https:\/\/ludzie.nauka.gov.pl\/wp\/wp-json\/wp\/v2\/categories?post=7935"},{"taxonomy":"post_tag","embeddable":true,"href":"https:\/\/ludzie.nauka.gov.pl\/wp\/wp-json\/wp\/v2\/tags?post=7935"}],"curies":[{"name":"wp","href":"https:\/\/api.w.org\/{rel}","templated":true}]}}