{"id":7637,"date":"2024-12-20T14:10:00","date_gmt":"2024-12-20T13:10:00","guid":{"rendered":"https:\/\/ludzie.nauka.gov.pl\/wp\/?p=7637"},"modified":"2025-02-11T10:43:10","modified_gmt":"2025-02-11T09:43:10","slug":"prof-tomasz-dietl-nowym-przewodniczacym-rady-ncn","status":"publish","type":"post","link":"https:\/\/ludzie.nauka.gov.pl\/wp\/aktualnosci\/prof-tomasz-dietl-nowym-przewodniczacym-rady-ncn\/","title":{"rendered":"Prof. Tomasz Dietl nowym przewodnicz\u0105cym Rady NCN"},"content":{"rendered":"\n<p><strong>Fizyk prof. Tomasz Dietl zosta\u0142 nowym przewodnicz\u0105cym Rady Narodowego Centrum Nauki. Cz\u0142onkowie rady, kt\u00f3rzy po raz pierwszy spotkali si\u0119 w nowym sk\u0142adzie, wybrali go jednog\u0142o\u015bnie &#8211; poinformowali przedstawiciele NCN w mediach spo\u0142eczno\u015bciowych.<\/strong><\/p>\n\n\n\n<p>W grudniu sko\u0144czy\u0142a si\u0119 kadencja po\u0142owy sk\u0142adu Rady Narodowego Centrum Nauki, a minister Dariusz Wieczorek<a href=\"https:\/\/naukawpolsce.pl\/aktualnosci\/news%2C105884%2Cminister-wieczorek-powolal-nowych-czlonkow-rady-narodowego-centrum-nauki\" target=\"_blank\" rel=\"noreferrer noopener\" class=\"external\"> powo\u0142a\u0142 <\/a>12 nowych cz\u0142onk\u00f3w tego gremium. Pierwsze spotkanie rady w nowym sk\u0142adzie odby\u0142o si\u0119 w pi\u0105tek w Ministerstwie Nauki i Szkolnictwa Wy\u017cszego. Cz\u0142onkowie rady wybrali na nowego przewodnicz\u0105cego prof. Tomasza Dietla. W Radzie NCN zasiada od marca 2023 r. Fizyk przej\u0105\u0142 obowi\u0105zki przewodnicz\u0105cego od prof. Anetty Undas, kt\u00f3rej kadencja w radzie ju\u017c si\u0119 zako\u0144czy\u0142a.<\/p>\n\n\n\n<p><a href=\"https:\/\/naukawpolsce.pl\/aktualnosci\/news%2C95715%2Cprof-tomasz-dietl-zastapi-prof-adama-zajaca-w-radzie-ncn.html\" target=\"_blank\" rel=\"noreferrer noopener\" class=\"external\">Tomasz Dietl <\/a>jest kierownikiem Mi\u0119dzynarodowego Centrum Sprz\u0119\u017cenia Magnetyzmu i Nadprzewodnictwa z Materi\u0105 Topologiczn\u0105 &#8211; MagTop w Instytucie Fizyki Polskiej Akademii Nauk w Warszawie. Jego badania dotycz\u0105 spintroniki. W centrum jego zainteresowa\u0144 s\u0105 w szczeg\u00f3lno\u015bci izolatory topologiczne, p\u00f3\u0142przewodniki oraz nanostruktury metal\/p\u00f3\u0142przewodnik. Jest docenianym naukowcem, laureatem niemieckiej Nagrody Naukowej im. Aleksandra von Humboldta, nagrody FNP, laureatem grantu ERC.<\/p>\n\n\n\n<p>Zgodnie z ustaw\u0105 o Narodowym Centrum Nauki Rada ma za zadanie m.in. okre\u015bla\u0107 dyscypliny naukowe i grupy dyscyplin, w ramach kt\u00f3rych s\u0105 og\u0142aszane i przeprowadzane konkursy NCN, ustala\u0107 wysoko\u015b\u0107 \u015brodk\u00f3w finansowych przeznaczonych na realizacj\u0119 projekt\u00f3w badawczych i okre\u015bla\u0107 warunki przeprowadzania konkurs\u00f3w. Rada wybiera r\u00f3wnie\u017c Zespo\u0142y Ekspert\u00f3w odpowiedzialnych za ocen\u0119 wniosk\u00f3w z\u0142o\u017conych w konkursach.<\/p>\n\n\n\n<p>Rada Narodowego Centrum Nauki (NCN) sk\u0142ada si\u0119 z 24 badaczy reprezentuj\u0105cych r\u00f3\u017cne dyscypliny nauki. Jej kadencja trwa cztery lata, co dwa lata nast\u0119puje wymiana po\u0142owy sk\u0142adu tego gremium. Cz\u0142onk\u00f3w rady powo\u0142uje minister nauki.<\/p>\n\n\n\n<p>Narodowe Centrum Nauki powsta\u0142o w 2010 r. To agencja wspieraj\u0105ca badania podstawowe \u2013 na drodze konkurs\u00f3w finansuje projekty badawcze oraz dzia\u0142ania naukowe. Tylko w latach 2011-2022 NCN przyzna\u0142o polskim badaczkom i badaczom prawie 30 tys. grant\u00f3w na \u0142\u0105czn\u0105 kwot\u0119 ok. 16 mld z\u0142.<\/p>\n\n\n\n<p><a href=\"https:\/\/naukawpolsce.pl\/\" class=\"external\">PAP &#8211; Nauka w Polsce<\/a><\/p>\n\n\n\n<p><\/p>\n","protected":false},"excerpt":{"rendered":"<p>Fizyk prof. Tomasz Dietl zosta\u0142 nowym przewodnicz\u0105cym Rady Narodowego Centrum Nauki. Cz\u0142onkowie rady, kt\u00f3rzy po raz pierwszy spotkali si\u0119 w nowym sk\u0142adzie, wybrali go jednog\u0142o\u015bnie &#8211; poinformowali przedstawiciele NCN w mediach spo\u0142eczno\u015bciowych.<\/p>\n","protected":false},"author":12,"featured_media":0,"comment_status":"closed","ping_status":"closed","sticky":false,"template":"","format":"standard","meta":{"footnotes":"","_links_to":"","_links_to_target":""},"categories":[10,1],"tags":[],"class_list":["post-7637","post","type-post","status-publish","format-standard","hentry","category-awanse","category-wiadomosci"],"_links":{"self":[{"href":"https:\/\/ludzie.nauka.gov.pl\/wp\/wp-json\/wp\/v2\/posts\/7637","targetHints":{"allow":["GET"]}}],"collection":[{"href":"https:\/\/ludzie.nauka.gov.pl\/wp\/wp-json\/wp\/v2\/posts"}],"about":[{"href":"https:\/\/ludzie.nauka.gov.pl\/wp\/wp-json\/wp\/v2\/types\/post"}],"author":[{"embeddable":true,"href":"https:\/\/ludzie.nauka.gov.pl\/wp\/wp-json\/wp\/v2\/users\/12"}],"replies":[{"embeddable":true,"href":"https:\/\/ludzie.nauka.gov.pl\/wp\/wp-json\/wp\/v2\/comments?post=7637"}],"version-history":[{"count":1,"href":"https:\/\/ludzie.nauka.gov.pl\/wp\/wp-json\/wp\/v2\/posts\/7637\/revisions"}],"predecessor-version":[{"id":7638,"href":"https:\/\/ludzie.nauka.gov.pl\/wp\/wp-json\/wp\/v2\/posts\/7637\/revisions\/7638"}],"wp:attachment":[{"href":"https:\/\/ludzie.nauka.gov.pl\/wp\/wp-json\/wp\/v2\/media?parent=7637"}],"wp:term":[{"taxonomy":"category","embeddable":true,"href":"https:\/\/ludzie.nauka.gov.pl\/wp\/wp-json\/wp\/v2\/categories?post=7637"},{"taxonomy":"post_tag","embeddable":true,"href":"https:\/\/ludzie.nauka.gov.pl\/wp\/wp-json\/wp\/v2\/tags?post=7637"}],"curies":[{"name":"wp","href":"https:\/\/api.w.org\/{rel}","templated":true}]}}