{"id":7589,"date":"2024-12-13T13:42:00","date_gmt":"2024-12-13T12:42:00","guid":{"rendered":"https:\/\/ludzie.nauka.gov.pl\/wp\/?p=7589"},"modified":"2025-02-11T10:43:11","modified_gmt":"2025-02-11T09:43:11","slug":"dr-hab-katarzyna-wesierska-z-us-pierwsza-polska-logopedka-z-nagroda-asha-fellow","status":"publish","type":"post","link":"https:\/\/ludzie.nauka.gov.pl\/wp\/aktualnosci\/dr-hab-katarzyna-wesierska-z-us-pierwsza-polska-logopedka-z-nagroda-asha-fellow\/","title":{"rendered":"Dr hab. Katarzyna W\u0119sierska z U\u015a pierwsz\u0105 polsk\u0105 logopedk\u0105 z nagrod\u0105 ASHA Fellow"},"content":{"rendered":"\n<p><strong>Dr hab. Katarzyna W\u0119sierska, prof. Uniwersytetu \u015al\u0105skiego jako pierwsza polska logopedka otrzyma\u0142a presti\u017cow\u0105 w \u015brodowisku nagrod\u0119, przyznawan\u0105 przez ameryka\u0144skie stowarzyszenie American Speech-Language-Hearing Association, kt\u00f3re zajmuje si\u0119 naukami o komunikacji i zaburzeniami mowy.<\/strong><\/p>\n\n\n\n<p>\u201eJestem niezwykle dumna, \u017ce jestem pierwsz\u0105 polsk\u0105 logopedk\u0105, kt\u00f3ra otrzyma\u0142a tytu\u0142 ASHA Fellow. Traktuj\u0119 j\u0105 jako wyraz uznania na arenie mi\u0119dzynarodowej osi\u0105gni\u0119\u0107 polskiej logopedii\u201d \u2013 powiedzia\u0142a laureatka, kt\u00f3ra zajmuje si\u0119 zaburzeniami p\u0142ynno\u015bci mowy, czyli<a href=\"https:\/\/naukawpolsce.pl\/aktualnosci\/news%2C98396%2Cbadanie-juz-niewielkim-kosztem-i-wysilkiem-mozna-zmienic-postawe-wobec\" target=\"_blank\" rel=\"noreferrer noopener\" class=\"external\"> balbutologopedi\u0105.<\/a>&nbsp;<\/p>\n\n\n\n<p>Jak przypomnia\u0142a naukowczyni, aby otrzyma\u0107 tytu\u0142 ASHA Fellow, kandydat musi wykaza\u0107 si\u0119 wyj\u0105tkowymi osi\u0105gni\u0119ciami, kt\u00f3re maj\u0105 istotne znaczenie zar\u00f3wno w jego spo\u0142eczno\u015bci zawodowej, jak i poza ni\u0105. Wyr\u00f3\u017cnienie to jest przyznawane osobom, kt\u00f3re swoj\u0105 prac\u0105 znacz\u0105co wp\u0142yn\u0119\u0142y na rozw\u00f3j nauki, praktyki i edukacji w zakresie mowy, j\u0119zyka, s\u0142uchu i innych pokrewnych obszar\u00f3w. Ponadto laureaci musz\u0105 si\u0119 wyr\u00f3\u017cnia\u0107 jako liderzy, innowatorzy lub mentorzy, kt\u00f3rzy przyczynili si\u0119 do rozwoju profesji i pozytywnego wp\u0142ywu na spo\u0142eczno\u015b\u0107.<\/p>\n\n\n\n<p>Wr\u0119czenie nagr\u00f3d odby\u0142o si\u0119 w ramach dorocznego Kongresu American Speech-Language-Hearing Association (ASHA), podczas kt\u00f3rego Katarzyna W\u0119sierska prezentowa\u0142a wyniki bada\u0144 jako\u015bciowych przeprowadzonych przez interdyscyplinarny zesp\u00f3\u0142, kt\u00f3ry wsp\u00f3\u0142tworzy, na temat zmiany narracji na temat j\u0105kania w Polsce.<\/p>\n\n\n\n<p>O wcze\u015bniejszych wynikach bada\u0144 dr hab. Katarzyny W\u0119sierskiej, prof. U\u015a<a href=\"https:\/\/naukawpolsce.pl\/aktualnosci\/news%2C84964%2Cbadania-osoby-jakajace-sie-nie-chca-specjalnego-traktowania.html\" target=\"_blank\" rel=\"noreferrer noopener\" class=\"external\"> pisali\u015bmy<\/a> ju\u017c w serwisie Nauka w Polsce. Jedne potwierdzi\u0142y, \u017ce osoby j\u0105kaj\u0105ce si\u0119 nie chc\u0105 specjalnego traktowania, ale tak naprawd\u0119 potrzebuj\u0105 w komunikacji tego, co pozostali, czyli \u017ceby mie\u0107 zaanga\u017cowanego s\u0142uchacza, kt\u00f3ry skupia si\u0119 na samym komunikacie.&nbsp;<\/p>\n\n\n\n<p>Z kolei inne jej badania skupi\u0142y si\u0119 na formach wsparcia pomocnych w rozmowie z dzieckiem, kt\u00f3re si\u0119 j\u0105ka. Wyniki pokaza\u0142y m.in., \u017ce doka\u0144czanie s\u0142\u00f3w j\u0105kaj\u0105cego si\u0119 dziecka nie jest dla niego pomocne; lepiej cierpliwie poczeka\u0107 i da\u0107 mu si\u0119 spokojnie <a href=\"https:\/\/naukawpolsce.pl\/aktualnosci\/news%2C89873%2Cbadanie-dokanczanie-slow-jakajacego-sie-dziecka-nie-jest-pomocne.html\" target=\"_blank\" rel=\"noreferrer noopener\" class=\"external\">wypowiedzie\u0107<\/a>.&nbsp;<\/p>\n\n\n\n<p><a href=\"https:\/\/naukawpolsce.pl\/\" class=\"external\">Nauka w Polsce<\/a>, Agnieszka Kliks-Pudlik<\/p>\n","protected":false},"excerpt":{"rendered":"<p>Dr hab. Katarzyna W\u0119sierska, prof. Uniwersytetu \u015al\u0105skiego jako pierwsza polska logopedka otrzyma\u0142a presti\u017cow\u0105 w \u015brodowisku nagrod\u0119, przyznawan\u0105 przez ameryka\u0144skie stowarzyszenie American Speech-Language-Hearing Association, kt\u00f3re zajmuje si\u0119 naukami o komunikacji i zaburzeniami mowy.<\/p>\n","protected":false},"author":12,"featured_media":0,"comment_status":"closed","ping_status":"closed","sticky":false,"template":"","format":"standard","meta":{"footnotes":"","_links_to":"","_links_to_target":""},"categories":[1],"tags":[],"class_list":["post-7589","post","type-post","status-publish","format-standard","hentry","category-wiadomosci"],"_links":{"self":[{"href":"https:\/\/ludzie.nauka.gov.pl\/wp\/wp-json\/wp\/v2\/posts\/7589","targetHints":{"allow":["GET"]}}],"collection":[{"href":"https:\/\/ludzie.nauka.gov.pl\/wp\/wp-json\/wp\/v2\/posts"}],"about":[{"href":"https:\/\/ludzie.nauka.gov.pl\/wp\/wp-json\/wp\/v2\/types\/post"}],"author":[{"embeddable":true,"href":"https:\/\/ludzie.nauka.gov.pl\/wp\/wp-json\/wp\/v2\/users\/12"}],"replies":[{"embeddable":true,"href":"https:\/\/ludzie.nauka.gov.pl\/wp\/wp-json\/wp\/v2\/comments?post=7589"}],"version-history":[{"count":1,"href":"https:\/\/ludzie.nauka.gov.pl\/wp\/wp-json\/wp\/v2\/posts\/7589\/revisions"}],"predecessor-version":[{"id":7590,"href":"https:\/\/ludzie.nauka.gov.pl\/wp\/wp-json\/wp\/v2\/posts\/7589\/revisions\/7590"}],"wp:attachment":[{"href":"https:\/\/ludzie.nauka.gov.pl\/wp\/wp-json\/wp\/v2\/media?parent=7589"}],"wp:term":[{"taxonomy":"category","embeddable":true,"href":"https:\/\/ludzie.nauka.gov.pl\/wp\/wp-json\/wp\/v2\/categories?post=7589"},{"taxonomy":"post_tag","embeddable":true,"href":"https:\/\/ludzie.nauka.gov.pl\/wp\/wp-json\/wp\/v2\/tags?post=7589"}],"curies":[{"name":"wp","href":"https:\/\/api.w.org\/{rel}","templated":true}]}}