{"id":1345,"date":"2024-04-25T11:00:00","date_gmt":"2024-04-25T09:00:00","guid":{"rendered":"https:\/\/ludzie.nauka.gov.pl\/wp\/?p=1345"},"modified":"2025-02-11T10:45:07","modified_gmt":"2025-02-11T09:45:07","slug":"prof-mariusz-poplawski-nowym-rektorem-uniwersytetu-w-bialymstoku","status":"publish","type":"post","link":"https:\/\/ludzie.nauka.gov.pl\/wp\/aktualnosci\/prof-mariusz-poplawski-nowym-rektorem-uniwersytetu-w-bialymstoku\/","title":{"rendered":"Prof. Mariusz Pop\u0142awski nowym rektorem Uniwersytetu w Bia\u0142ymstoku"},"content":{"rendered":"\n<p><strong>Prof. Mariusz Pop\u0142awski, dotychczasowy dziekan Wydzia\u0142u Prawa Uniwersytetu w Bia\u0142ymstoku, zosta\u0142 w \u015brod\u0119 wybrany na nowego rektora tej uczelni. B\u0119dzie zarz\u0105dza\u0142 uczelni\u0105 przez cztery lata.<\/strong><\/p>\n\n\n\n<p>Swoje obowi\u0105zki rektor-elekt obejmie 1 wrze\u015bnia. Zast\u0105pi na tym stanowisku prof. Roberta Ciborowskiego, kt\u00f3ry zarz\u0105dza\u0142 uczelni\u0105 przez ostatnie osiem lat.<\/p>\n\n\n\n<p>O stanowisko rektora Uniwersytetu w Bia\u0142ymstoku, jednej z najwi\u0119kszych uczelni w regionie, ubiega\u0142o si\u0119 dw\u00f3ch kandydat\u00f3w &#8211; opr\u00f3cz Pop\u0142awskiego tak\u017ce prof. Izabela \u015awi\u0119cicka, prorektor ds. nauki i wsp\u00f3\u0142pracy mi\u0119dzynarodowej tej uczelni.<\/p>\n\n\n\n<p>W \u015brod\u0119 odby\u0142o si\u0119 posiedzenie Kolegium Elektor\u00f3w UwB. Na kandydatur\u0119 Pop\u0142awskiego oddano 65 spo\u015br\u00f3d 96 wa\u017cnych g\u0142os\u00f3w.<\/p>\n\n\n\n<p>Pop\u0142awski zosta\u0142 wybrany na kadencj\u0119 2024-2028. Po og\u0142oszeniu wynik\u00f3w dzi\u0119kowa\u0142 Kolegium Elektor\u00f3w, kt\u00f3re &#8211; jak podkre\u015bli\u0142 &#8211; obdarzy\u0142o go ogromnym zaufaniem. &#8222;Pa\u0144stwo reprezentujecie spo\u0142eczno\u015b\u0107 akademick\u0105, w zwi\u0105zku z tym dzi\u0119kuj\u0119 spo\u0142eczno\u015bci akademickiej, kt\u00f3ra zdecydowa\u0142a si\u0119 mi powierzy\u0107 t\u0119 zaszczytn\u0105 funkcj\u0119 rektora Uniwersytetu w Bia\u0142ymstoku&#8221; &#8211; m\u00f3wi\u0142 rektor-elekt.<\/p>\n\n\n\n<p>W rozmowie z dziennikarzami podkre\u015bla\u0142, \u017ce pe\u0142nienie funkcji rektora to ogromne wyzwanie. Chce, aby za cztery lata uczelnia by\u0142a w &#8222;lepszym&#8221; miejscu ni\u017c jest teraz. Wymieni\u0142, \u017ce chodzi m.in. o podniesienie jako\u015bci kszta\u0142cenia i poprawienie wynik\u00f3w w zbli\u017caj\u0105cej si\u0119 ewaluacji uczelni. M\u00f3wi\u0142, \u017ce wyzwaniem b\u0119dzie te\u017c, w zwi\u0105zku z ni\u017cem demograficznym, utrzymanie, a mo\u017ce i zwi\u0119kszenie liczby kandydat\u00f3w na studia na bia\u0142ostockiej uczelni.<\/p>\n\n\n\n<p>Jako istotny element swojej dzia\u0142alno\u015bci Pop\u0142awski uzna\u0142 te\u017c zwi\u0119kszenie przychod\u00f3w uniwersytetu. Mo\u017cliwo\u015bci widzi m.in. w pozyskiwaniu wi\u0119kszych \u015brodk\u00f3w z grant\u00f3w badawczych, dydaktycznych czy rozwojowych. Wymieni\u0142 te\u017c p\u0142atn\u0105 dydaktyk\u0119, czyli studia zaoczne i podyplomowe, kt\u00f3re wci\u0105\u017c &#8211; jak oceni\u0142 &#8211; maj\u0105 potencja\u0142.<\/p>\n\n\n\n<p>M\u00f3wi\u0142 te\u017c o potrzebie rozwijania kampusu uczelni, kt\u00f3ry jest najwi\u0119ksz\u0105 inwestycj\u0105 uczelni; obecnie siedziby ma tu kilka wydzia\u0142\u00f3w i biblioteka uniwersytecka, docelowo maj\u0105 si\u0119 w nim znale\u017a\u0107 wszystkie wydzia\u0142y. &#8222;Musimy zainwestowa\u0107, \u017ceby podnie\u015b\u0107 komfort pracy i studiowania&#8221; &#8211; podkre\u015bli\u0142.<\/p>\n\n\n\n<p>Pop\u0142awski ma 49 lat; od pocz\u0105tku zwi\u0105zany jest z Uniwersytetem w Bia\u0142ymstoku, na kt\u00f3rym sko\u0144czy\u0142 studia na Wydziale Prawa i gdzie kontynuowa\u0142 swoj\u0105 karier\u0119 naukow\u0105. Na Wydziale Prawa zwi\u0105zany by\u0142 z Katedr\u0105 Prawa Podatkowego. Tytu\u0142 profesora w dyscyplinie nauki prawne otrzyma\u0142 w 2020 roku. W latach 2016-2019 pe\u0142ni\u0142 funkcj\u0119 prorektora UwB ds. rozwoju i wsp\u00f3\u0142pracy mi\u0119dzynarodowej, od 2019 roku pe\u0142ni funkcj\u0119 dziekana Wydzia\u0142u Prawa.<\/p>\n\n\n\n<p>Na Uniwersytecie w Bia\u0142ymstoku kszta\u0142ci si\u0119 blisko 8,5 tys. student\u00f3w, doktorant\u00f3w i s\u0142uchaczy studi\u00f3w podyplomowych.(PAP)<\/p>\n\n\n\n<p><a href=\"https:\/\/naukawpolsce.pl\/\" class=\"external\">Nauka w Polsce<\/a>, Sylwia Wieczery\u0144ska<\/p>\n","protected":false},"excerpt":{"rendered":"<p>Prof. Mariusz Pop\u0142awski, dotychczasowy dziekan Wydzia\u0142u Prawa Uniwersytetu w Bia\u0142ymstoku, zosta\u0142 w \u015brod\u0119 wybrany na nowego rektora tej uczelni. <\/p>\n","protected":false},"author":12,"featured_media":0,"comment_status":"closed","ping_status":"closed","sticky":false,"template":"","format":"standard","meta":{"footnotes":"","_links_to":"","_links_to_target":""},"categories":[10,1],"tags":[],"class_list":["post-1345","post","type-post","status-publish","format-standard","hentry","category-awanse","category-wiadomosci"],"_links":{"self":[{"href":"https:\/\/ludzie.nauka.gov.pl\/wp\/wp-json\/wp\/v2\/posts\/1345","targetHints":{"allow":["GET"]}}],"collection":[{"href":"https:\/\/ludzie.nauka.gov.pl\/wp\/wp-json\/wp\/v2\/posts"}],"about":[{"href":"https:\/\/ludzie.nauka.gov.pl\/wp\/wp-json\/wp\/v2\/types\/post"}],"author":[{"embeddable":true,"href":"https:\/\/ludzie.nauka.gov.pl\/wp\/wp-json\/wp\/v2\/users\/12"}],"replies":[{"embeddable":true,"href":"https:\/\/ludzie.nauka.gov.pl\/wp\/wp-json\/wp\/v2\/comments?post=1345"}],"version-history":[{"count":1,"href":"https:\/\/ludzie.nauka.gov.pl\/wp\/wp-json\/wp\/v2\/posts\/1345\/revisions"}],"predecessor-version":[{"id":1346,"href":"https:\/\/ludzie.nauka.gov.pl\/wp\/wp-json\/wp\/v2\/posts\/1345\/revisions\/1346"}],"wp:attachment":[{"href":"https:\/\/ludzie.nauka.gov.pl\/wp\/wp-json\/wp\/v2\/media?parent=1345"}],"wp:term":[{"taxonomy":"category","embeddable":true,"href":"https:\/\/ludzie.nauka.gov.pl\/wp\/wp-json\/wp\/v2\/categories?post=1345"},{"taxonomy":"post_tag","embeddable":true,"href":"https:\/\/ludzie.nauka.gov.pl\/wp\/wp-json\/wp\/v2\/tags?post=1345"}],"curies":[{"name":"wp","href":"https:\/\/api.w.org\/{rel}","templated":true}]}}