{"id":1268,"date":"2024-04-09T10:00:00","date_gmt":"2024-04-09T08:00:00","guid":{"rendered":"https:\/\/ludzie.nauka.gov.pl\/wp\/?p=1268"},"modified":"2025-02-11T10:45:59","modified_gmt":"2025-02-11T09:45:59","slug":"prof-dr-hab-krzysztof-szoszkiewicz-ponownie-rektorem-uniwersytetu-przyrodniczego-w-poznaniu","status":"publish","type":"post","link":"https:\/\/ludzie.nauka.gov.pl\/wp\/aktualnosci\/prof-dr-hab-krzysztof-szoszkiewicz-ponownie-rektorem-uniwersytetu-przyrodniczego-w-poznaniu\/","title":{"rendered":"Prof. dr hab. Krzysztof Szoszkiewicz ponownie rektorem Uniwersytetu Przyrodniczego w Poznaniu"},"content":{"rendered":"\n<p><strong>Prof. dr hab. Krzysztof Szoszkiewicz, obecny Rektor Uniwersytetu Przyrodniczego w Poznaniu, uzyska\u0142 reelekcj\u0119 na kadencj\u0119 2024-2028 \u2013 poinformowa\u0142a we wtorek uczelnia.<\/strong><\/p>\n\n\n\n<p>Kolegium Elektor\u00f3w Uniwersytetu Przyrodniczego w Poznaniu we wtorek 9 kwietnia po raz drugi wybra\u0142o prof. Krzysztofa Szoszkiewicza na stanowisko Rektora Uczelni na kadencj\u0119 2024-2028. O fotel Rektora Szoszkiewicz walczy\u0142 z prof. dr hab. Ann\u0105 Gramz\u0105-Micha\u0142owsk\u0105.<\/p>\n\n\n\n<p>W komunikacie uczelni podkre\u015blono, \u017ce program rektorski prof. Krzysztofa Szoszkiewicza \u201eskupia si\u0119 na kluczowych obszarach rozwoju Uczelni, takich jak unowocze\u015bnienie i strategiczny rozw\u00f3j, informatyzacja w zarz\u0105dzaniu, dzia\u0142alno\u015b\u0107 naukowa, umi\u0119dzynarodowienie, kszta\u0142cenie i studenci, dzia\u0142alno\u015b\u0107 Szko\u0142y Doktorskiej, struktura uczelni i polityka kadrowa, zak\u0142ady do\u015bwiadczalne i Zesp\u00f3\u0142 Szk\u00f3\u0142 Przyrodniczych, wsp\u00f3\u0142praca z innymi o\u015brodkami akademickimi oraz wzmocnienie wizerunku Uczelni i dzia\u0142a\u0144 promocyjnych\u201d.<\/p>\n\n\n\n<p>Uczelnia zaznaczy\u0142a, \u017ce podczas obecnej kadencji, 2020-2024, Uniwersytet Przyrodniczy w Poznaniu odnotowa\u0142 wiele sukces\u00f3w, w tym najlepszy wynik w historii ewaluacji prowadzonych bada\u0144, skokowy wzrost umi\u0119dzynarodowienia oraz rekordowy poziom pozyskiwania \u015brodk\u00f3w zewn\u0119trznych.<\/p>\n\n\n\n<p>&#8222;Rektor elekt planuje kontynuacj\u0119 dzia\u0142a\u0144, widz\u0105c ogromny potencja\u0142 Uczelni do dalszego dynamicznego rozwoju, zar\u00f3wno w dziedzinie nauki, jak i edukacji. Przygotowany na now\u0105 perspektyw\u0119 finansow\u0105 Unii Europejskiej, ma nadziej\u0119 na jeszcze wi\u0119ksze mo\u017cliwo\u015bci pozyskiwania \u015brodk\u00f3w na nowoczesne inwestycje z r\u00f3\u017cnych \u017ar\u00f3de\u0142&#8221; &#8211; wskazano.<\/p>\n\n\n\n<p>Dodano, \u017ce rektor elekt wsp\u00f3lnie z akademick\u0105 spo\u0142eczno\u015bci\u0105 planuje umocni\u0107 pozycj\u0119 uczelni w grupie wiod\u0105cych uczelni w Polsce i uczyni\u0107 j\u0105 jeszcze bardziej rozpoznawalnym i cenionym o\u015brodkiem akademickim w europejskiej, a nawet \u015bwiatowej przestrzeni naukowej. (PAP)<\/p>\n\n\n\n<p><a href=\"https:\/\/naukawpolsce.pl\/\" class=\"external\">Nauka w Polsce<\/a>, Anna Jowsa<\/p>\n","protected":false},"excerpt":{"rendered":"<p>Prof. dr hab. Krzysztof Szoszkiewicz, obecny Rektor Uniwersytetu Przyrodniczego w Poznaniu, uzyska\u0142 reelekcj\u0119 na kadencj\u0119 2024-2028 \u2013 poinformowa\u0142a we wtorek uczelnia.<\/p>\n","protected":false},"author":12,"featured_media":0,"comment_status":"closed","ping_status":"closed","sticky":false,"template":"","format":"standard","meta":{"footnotes":"","_links_to":"","_links_to_target":""},"categories":[10,1],"tags":[],"class_list":["post-1268","post","type-post","status-publish","format-standard","hentry","category-awanse","category-wiadomosci"],"_links":{"self":[{"href":"https:\/\/ludzie.nauka.gov.pl\/wp\/wp-json\/wp\/v2\/posts\/1268","targetHints":{"allow":["GET"]}}],"collection":[{"href":"https:\/\/ludzie.nauka.gov.pl\/wp\/wp-json\/wp\/v2\/posts"}],"about":[{"href":"https:\/\/ludzie.nauka.gov.pl\/wp\/wp-json\/wp\/v2\/types\/post"}],"author":[{"embeddable":true,"href":"https:\/\/ludzie.nauka.gov.pl\/wp\/wp-json\/wp\/v2\/users\/12"}],"replies":[{"embeddable":true,"href":"https:\/\/ludzie.nauka.gov.pl\/wp\/wp-json\/wp\/v2\/comments?post=1268"}],"version-history":[{"count":1,"href":"https:\/\/ludzie.nauka.gov.pl\/wp\/wp-json\/wp\/v2\/posts\/1268\/revisions"}],"predecessor-version":[{"id":1269,"href":"https:\/\/ludzie.nauka.gov.pl\/wp\/wp-json\/wp\/v2\/posts\/1268\/revisions\/1269"}],"wp:attachment":[{"href":"https:\/\/ludzie.nauka.gov.pl\/wp\/wp-json\/wp\/v2\/media?parent=1268"}],"wp:term":[{"taxonomy":"category","embeddable":true,"href":"https:\/\/ludzie.nauka.gov.pl\/wp\/wp-json\/wp\/v2\/categories?post=1268"},{"taxonomy":"post_tag","embeddable":true,"href":"https:\/\/ludzie.nauka.gov.pl\/wp\/wp-json\/wp\/v2\/tags?post=1268"}],"curies":[{"name":"wp","href":"https:\/\/api.w.org\/{rel}","templated":true}]}}