{"id":1246,"date":"2024-03-19T10:01:00","date_gmt":"2024-03-19T09:01:00","guid":{"rendered":"https:\/\/ludzie.nauka.gov.pl\/wp\/?p=1246"},"modified":"2025-02-11T10:46:33","modified_gmt":"2025-02-11T09:46:33","slug":"prof-janusz-piekarski-nowym-rektorem-uniwersytetu-medycznego-w-lodzi","status":"publish","type":"post","link":"https:\/\/ludzie.nauka.gov.pl\/wp\/aktualnosci\/prof-janusz-piekarski-nowym-rektorem-uniwersytetu-medycznego-w-lodzi\/","title":{"rendered":"Prof. Janusz Piekarski nowym rektorem Uniwersytetu Medycznego w \u0141odzi"},"content":{"rendered":"\n<p><strong>Prof. dr hab. n. med. Janusz Piekarski zosta\u0142 wybrany w poniedzia\u0142ek na nowego rektora Uniwersytetu Medycznego w \u0141odzi. Dotychczas pe\u0142ni\u0142 funkcje prorektora ds. organizacyjnych i studenckich oraz pierwszego zast\u0119pcy ust\u0119puj\u0105cego rektora, prof. Radzis\u0142awa Kordka.<\/strong><\/p>\n\n\n\n<p>Prof. Piekarski by\u0142 jedynym kandydatem zg\u0142oszonym w wyborach na rektora \u0142\u00f3dzkiej uczelni medycznej w kadencji 2024-2028. W poniedzia\u0142kowym g\u0142osowaniu elektor\u00f3w otrzyma\u0142 353 spo\u015br\u00f3d 384 wa\u017cnych g\u0142os\u00f3w.<\/p>\n\n\n\n<p>Na stanowisku rektora <a href=\"https:\/\/naukawpolsce.pl\/aktualnosci\/news%2C98761%2Cw-buda-uniwersytet-medyczny-w-lodzi-otrzyma-lacznie-200-mln-zl-na-inwestycje\" class=\"external\">Uniwersytetu Medycznego w \u0141odzi<\/a> 1 wrze\u015bnia zast\u0105pi prof. Radzis\u0142awa Kordka, kt\u00f3ry pe\u0142ni\u0142 t\u0119 funkcj\u0119 od 2016 roku.<\/p>\n\n\n\n<p>Rektor elekt zapowiedzia\u0142, \u017ce z du\u017cym zaanga\u017cowaniem b\u0119dzie kontynuowa\u0142 misj\u0119 rozwoju <a href=\"https:\/\/naukawpolsce.pl\/aktualnosci\/news%2C97574%2Cuniwersytet-medyczny-w-lodzi-na-najpopularniejszym-kierunku-lekarsko\" class=\"external\">uczelni<\/a>.<\/p>\n\n\n\n<p>&#8222;Dzi\u0119kuj\u0119 za ten wyb\u00f3r. Patrz\u0105c na wyniki jest to przejaw olbrzymiego kredytu zaufania i jednocze\u015bnie recenzja naszej pracy, kt\u00f3r\u0105 wykonali\u015bmy w ci\u0105gu ostatnich lat. Recenzja pracy w\u0142adz uczelni, os\u00f3b zaanga\u017cowanych w prac\u0119 administracyjn\u0105, wielu nauczycieli akademickich, dyrekcji szpitali akademickich. (\u2026) Ten wynik to uk\u0142on w kierunku poprzedniego sk\u0142adu, w kt\u00f3rym r\u00f3wnie\u017c mia\u0142em przyjemno\u015b\u0107 i zaszczyt pracowa\u0107&#8221; \u2013 powiedzia\u0142 po wyborze na rektora prof. Piekarski.<\/p>\n\n\n\n<p>Prof. Piekarski ma 55 lat. Uko\u0144czy\u0142 Wydzia\u0142 Lekarski Akademii Medycznej w \u0141odzi. Uzyska\u0142 specjalizacje w zakresie chirurgii og\u00f3lnej oraz chirurgii onkologicznej. Odby\u0142 sta\u017ce naukowe w Europejskim Instytucie Onkologii w Mediolanie i w Glasgow Royal Infirmary. Jest autorem i wsp\u00f3\u0142autorem artyku\u0142\u00f3w, rozdzia\u0142\u00f3w i monografii, a tak\u017ce wsp\u00f3\u0142autorem polskich zalece\u0144 dotycz\u0105cych leczenia chorych na nowotwory z\u0142o\u015bliwe i \u0142agodne piersi oraz sk\u00f3ry. Pracowa\u0142 jako t\u0142umacz literatury medycznej, w tym jako redaktor polskich wyda\u0144 czasopism medycznych. Od 2021 r. jest kierownikiem Kliniki Chirurgii Onkologicznej Uniwersytetu Medycznego w \u0141odzi. W \u0142\u00f3dzkiej uczelni w dw\u00f3ch ostatnich kadencjach pe\u0142ni\u0142 funkcje prorektora ds. organizacyjnych i studenckich oraz pierwszego zast\u0119pcy rektora, a wcze\u015bniej prodziekana do spraw nauki Wydzia\u0142u Lekarskiego. Jego pasj\u0105 jest sport, m.in. biegi ekstremalne. (<a href=\"https:\/\/naukawpolsce.pl\/\" class=\"external\">PAP<\/a>)<\/p>\n\n\n\n<p>autor: Bart\u0142omiej Pawlak<\/p>\n","protected":false},"excerpt":{"rendered":"<p>Prof. dr hab. n. med. Janusz Piekarski zosta\u0142 wybrany w poniedzia\u0142ek na nowego rektora Uniwersytetu Medycznego w \u0141odzi. <\/p>\n","protected":false},"author":12,"featured_media":0,"comment_status":"closed","ping_status":"closed","sticky":false,"template":"","format":"standard","meta":{"footnotes":"","_links_to":"","_links_to_target":""},"categories":[10,1],"tags":[],"class_list":["post-1246","post","type-post","status-publish","format-standard","hentry","category-awanse","category-wiadomosci"],"_links":{"self":[{"href":"https:\/\/ludzie.nauka.gov.pl\/wp\/wp-json\/wp\/v2\/posts\/1246","targetHints":{"allow":["GET"]}}],"collection":[{"href":"https:\/\/ludzie.nauka.gov.pl\/wp\/wp-json\/wp\/v2\/posts"}],"about":[{"href":"https:\/\/ludzie.nauka.gov.pl\/wp\/wp-json\/wp\/v2\/types\/post"}],"author":[{"embeddable":true,"href":"https:\/\/ludzie.nauka.gov.pl\/wp\/wp-json\/wp\/v2\/users\/12"}],"replies":[{"embeddable":true,"href":"https:\/\/ludzie.nauka.gov.pl\/wp\/wp-json\/wp\/v2\/comments?post=1246"}],"version-history":[{"count":1,"href":"https:\/\/ludzie.nauka.gov.pl\/wp\/wp-json\/wp\/v2\/posts\/1246\/revisions"}],"predecessor-version":[{"id":1247,"href":"https:\/\/ludzie.nauka.gov.pl\/wp\/wp-json\/wp\/v2\/posts\/1246\/revisions\/1247"}],"wp:attachment":[{"href":"https:\/\/ludzie.nauka.gov.pl\/wp\/wp-json\/wp\/v2\/media?parent=1246"}],"wp:term":[{"taxonomy":"category","embeddable":true,"href":"https:\/\/ludzie.nauka.gov.pl\/wp\/wp-json\/wp\/v2\/categories?post=1246"},{"taxonomy":"post_tag","embeddable":true,"href":"https:\/\/ludzie.nauka.gov.pl\/wp\/wp-json\/wp\/v2\/tags?post=1246"}],"curies":[{"name":"wp","href":"https:\/\/api.w.org\/{rel}","templated":true}]}}